{"id":6414,"date":"2023-05-23T20:08:41","date_gmt":"2023-05-24T02:08:41","guid":{"rendered":"http:\/\/www.oportunidades.org.sv\/?p=6414"},"modified":"2023-05-24T09:53:15","modified_gmt":"2023-05-24T15:53:15","slug":"la-fundacion-gloria-kriete-realizo-conversatorio-sobre-la-importancia-de-contar-con-herramientas-para-un-buen-manejo-de-la-salud-mental","status":"publish","type":"post","link":"https:\/\/www.oportunidades.org.sv\/en\/la-fundacion-gloria-kriete-realizo-conversatorio-sobre-la-importancia-de-contar-con-herramientas-para-un-buen-manejo-de-la-salud-mental\/","title":{"rendered":"Evento: Herramientas de salud mental en la educaci\u00f3n, Postcovid-19."},"content":{"rendered":"<div data-elementor-type=\"wp-post\" data-elementor-id=\"6414\" class=\"elementor elementor-6414\" data-elementor-post-type=\"post\">\n\t\t\t\t\t\t<section class=\"elementor-section elementor-top-section elementor-element elementor-element-76252a89 elementor-section-content-middle elementor-reverse-tablet elementor-reverse-mobile elementor-section-full_width elementor-section-height-default elementor-section-height-default\" data-id=\"76252a89\" data-element_type=\"section\" data-settings=\"{&quot;background_background&quot;:&quot;classic&quot;}\">\n\t\t\t\t\t\t<div class=\"elementor-container elementor-column-gap-no\">\n\t\t\t\t\t<div class=\"elementor-column elementor-col-100 elementor-top-column elementor-element elementor-element-63b8a0e5\" data-id=\"63b8a0e5\" data-element_type=\"column\">\n\t\t\t<div class=\"elementor-widget-wrap elementor-element-populated\">\n\t\t\t\t\t\t<div class=\"elementor-element elementor-element-fd1346d elementor-widget elementor-widget-theme-post-title elementor-page-title elementor-widget-heading\" data-id=\"fd1346d\" data-element_type=\"widget\" data-widget_type=\"theme-post-title.default\">\n\t\t\t\t<div class=\"elementor-widget-container\">\n\t\t\t\t\t<h1 class=\"elementor-heading-title elementor-size-default\">Evento: Herramientas de salud mental en la educaci\u00f3n, Postcovid-19.<\/h1>\t\t\t\t<\/div>\n\t\t\t\t<\/div>\n\t\t\t\t\t<\/div>\n\t\t<\/div>\n\t\t\t\t\t<\/div>\n\t\t<\/section>\n\t\t\t\t<section class=\"elementor-section elementor-top-section elementor-element elementor-element-74d41d59 elementor-section-full_width elementor-section-content-middle elementor-section-height-default elementor-section-height-default\" data-id=\"74d41d59\" data-element_type=\"section\" data-settings=\"{&quot;background_background&quot;:&quot;classic&quot;}\">\n\t\t\t\t\t\t<div class=\"elementor-container elementor-column-gap-no\">\n\t\t\t\t\t<div class=\"elementor-column elementor-col-50 elementor-top-column elementor-element elementor-element-58f9c502\" data-id=\"58f9c502\" data-element_type=\"column\">\n\t\t\t<div class=\"elementor-widget-wrap elementor-element-populated\">\n\t\t\t\t\t\t<div class=\"elementor-element elementor-element-6a3277ef elementor--h-position-center elementor--v-position-middle elementor-arrows-position-inside elementor-pagination-position-inside elementor-widget elementor-widget-slides\" data-id=\"6a3277ef\" data-element_type=\"widget\" data-settings=\"{&quot;navigation&quot;:&quot;both&quot;,&quot;autoplay&quot;:&quot;yes&quot;,&quot;pause_on_hover&quot;:&quot;yes&quot;,&quot;pause_on_interaction&quot;:&quot;yes&quot;,&quot;autoplay_speed&quot;:5000,&quot;infinite&quot;:&quot;yes&quot;,&quot;transition&quot;:&quot;slide&quot;,&quot;transition_speed&quot;:500}\" data-widget_type=\"slides.default\">\n\t\t\t\t<div class=\"elementor-widget-container\">\n\t\t\t\t\t\t\t\t\t<div class=\"elementor-swiper\">\n\t\t\t\t\t<div class=\"elementor-slides-wrapper elementor-main-swiper swiper\" role=\"region\" aria-roledescription=\"carousel\" aria-label=\"Slides\" dir=\"ltr\" data-animation=\"fadeInUp\">\n\t\t\t\t<div class=\"swiper-wrapper elementor-slides\">\n\t\t\t\t\t\t\t\t\t\t<div class=\"elementor-repeater-item-2f9428d swiper-slide\" role=\"group\" aria-roledescription=\"slide\"><div class=\"swiper-slide-bg\" role=\"img\" aria-label=\"Conversatorio FES-11\"><\/div><div class=\"swiper-slide-inner\" ><div class=\"swiper-slide-contents\"><\/div><\/div><\/div><div class=\"elementor-repeater-item-c035c8c swiper-slide\" role=\"group\" aria-roledescription=\"slide\"><div class=\"swiper-slide-bg\" role=\"img\" aria-label=\"Conversatorio FES-32\"><\/div><div class=\"swiper-slide-inner\" ><div class=\"swiper-slide-contents\"><\/div><\/div><\/div><div class=\"elementor-repeater-item-b55832b swiper-slide\" role=\"group\" aria-roledescription=\"slide\"><div class=\"swiper-slide-bg\" role=\"img\" aria-label=\"Conversatorio FES-16\"><\/div><div class=\"swiper-slide-inner\" ><div class=\"swiper-slide-contents\"><\/div><\/div><\/div><div class=\"elementor-repeater-item-9f6be55 swiper-slide\" role=\"group\" aria-roledescription=\"slide\"><div class=\"swiper-slide-bg\" role=\"img\" aria-label=\"Conversatorio FES-26\"><\/div><div class=\"swiper-slide-inner\" ><div class=\"swiper-slide-contents\"><\/div><\/div><\/div><div class=\"elementor-repeater-item-a2a206c swiper-slide\" role=\"group\" aria-roledescription=\"slide\"><div class=\"swiper-slide-bg\" role=\"img\" aria-label=\"Conversatorio FES-25\"><\/div><div class=\"swiper-slide-inner\" ><div class=\"swiper-slide-contents\"><\/div><\/div><\/div><div class=\"elementor-repeater-item-0848fef swiper-slide\" role=\"group\" aria-roledescription=\"slide\"><div class=\"swiper-slide-bg\" role=\"img\" aria-label=\"Conversatorio FES-34\"><\/div><div class=\"swiper-slide-inner\" ><div class=\"swiper-slide-contents\"><\/div><\/div><\/div><div class=\"elementor-repeater-item-d62313b swiper-slide\" role=\"group\" aria-roledescription=\"slide\"><div class=\"swiper-slide-bg\" role=\"img\" aria-label=\"Conversatorio FES-33\"><\/div><div class=\"swiper-slide-inner\" ><div class=\"swiper-slide-contents\"><\/div><\/div><\/div>\t\t\t\t<\/div>\n\t\t\t\t\t\t\t\t\t\t\t\t\t\t\t<div class=\"elementor-swiper-button elementor-swiper-button-prev\" role=\"button\" tabindex=\"0\" aria-label=\"Previous slide\" data-no-translation-aria-label=\"\">\n\t\t\t\t\t\t\t<i aria-hidden=\"true\" class=\"eicon-chevron-left\"><\/i>\t\t\t\t\t\t<\/div>\n\t\t\t\t\t\t<div class=\"elementor-swiper-button elementor-swiper-button-next\" role=\"button\" tabindex=\"0\" aria-label=\"Next slide\" data-no-translation-aria-label=\"\">\n\t\t\t\t\t\t\t<i aria-hidden=\"true\" class=\"eicon-chevron-right\"><\/i>\t\t\t\t\t\t<\/div>\n\t\t\t\t\t\t\t\t\t\t\t\t\t\t\t\t<div class=\"swiper-pagination\"><\/div>\n\t\t\t\t\t\t\t\t\t\t\t\t<\/div>\n\t\t\t\t<\/div>\n\t\t\t\t\t\t\t\t<\/div>\n\t\t\t\t<\/div>\n\t\t\t\t\t<\/div>\n\t\t<\/div>\n\t\t\t\t<div class=\"elementor-column elementor-col-50 elementor-top-column elementor-element elementor-element-5e1bcff4 elementor-hidden-mobile elementor-hidden-tablet_extra elementor-hidden-tablet elementor-hidden-mobile_extra\" data-id=\"5e1bcff4\" data-element_type=\"column\">\n\t\t\t<div class=\"elementor-widget-wrap elementor-element-populated\">\n\t\t\t\t\t\t<div class=\"elementor-element elementor-element-60e659e3 elementor-widget elementor-widget-heading\" data-id=\"60e659e3\" data-element_type=\"widget\" data-widget_type=\"heading.default\">\n\t\t\t\t<div class=\"elementor-widget-container\">\n\t\t\t\t\t<h2 class=\"elementor-heading-title elementor-size-default\">Recent publications<\/h2>\t\t\t\t<\/div>\n\t\t\t\t<\/div>\n\t\t\t\t<div class=\"elementor-element elementor-element-6437215c elementor-grid-1 elementor-posts--thumbnail-left elementor-grid-tablet-1 elementor-grid-mobile-1 elementor-widget elementor-widget-posts\" data-id=\"6437215c\" data-element_type=\"widget\" data-settings=\"{&quot;classic_columns&quot;:&quot;1&quot;,&quot;classic_row_gap&quot;:{&quot;unit&quot;:&quot;px&quot;,&quot;size&quot;:61,&quot;sizes&quot;:[]},&quot;motion_fx_motion_fx_mouse&quot;:&quot;yes&quot;,&quot;classic_columns_tablet&quot;:&quot;1&quot;,&quot;classic_row_gap_mobile&quot;:{&quot;unit&quot;:&quot;px&quot;,&quot;size&quot;:12,&quot;sizes&quot;:[]},&quot;classic_columns_mobile&quot;:&quot;1&quot;,&quot;classic_row_gap_widescreen&quot;:{&quot;unit&quot;:&quot;px&quot;,&quot;size&quot;:&quot;&quot;,&quot;sizes&quot;:[]},&quot;classic_row_gap_laptop&quot;:{&quot;unit&quot;:&quot;px&quot;,&quot;size&quot;:&quot;&quot;,&quot;sizes&quot;:[]},&quot;classic_row_gap_tablet_extra&quot;:{&quot;unit&quot;:&quot;px&quot;,&quot;size&quot;:&quot;&quot;,&quot;sizes&quot;:[]},&quot;classic_row_gap_tablet&quot;:{&quot;unit&quot;:&quot;px&quot;,&quot;size&quot;:&quot;&quot;,&quot;sizes&quot;:[]},&quot;classic_row_gap_mobile_extra&quot;:{&quot;unit&quot;:&quot;px&quot;,&quot;size&quot;:&quot;&quot;,&quot;sizes&quot;:[]}}\" data-widget_type=\"posts.classic\">\n\t\t\t\t<div class=\"elementor-widget-container\">\n\t\t\t\t\t\t\t<div class=\"elementor-posts-container elementor-posts elementor-posts--skin-classic elementor-grid\" role=\"list\">\n\t\t\t\t<article class=\"elementor-post elementor-grid-item post-5807 post type-post status-publish format-standard has-post-thumbnail hentry category-lanzamientos\" role=\"listitem\">\n\t\t\t\t<a class=\"elementor-post__thumbnail__link\" href=\"https:\/\/www.oportunidades.org.sv\/en\/fundacion-gloria-kriete-inaugura-la-primera-escuela-cientifica-metaverso-simulada-en-marte-oportunidad-x\/\" tabindex=\"-1\" >\n\t\t\t<div class=\"elementor-post__thumbnail\"><img decoding=\"async\" width=\"150\" height=\"150\" src=\"https:\/\/www.oportunidades.org.sv\/wp-content\/uploads\/2023\/03\/Lanzamiento-Metaverso-Oportunidades-1024x595-1-150x150.jpg\" class=\"attachment-thumbnail size-thumbnail wp-image-5808\" alt=\"\" \/><\/div>\n\t\t<\/a>\n\t\t\t\t<div class=\"elementor-post__text\">\n\t\t\t\t<h3 class=\"elementor-post__title\">\n\t\t\t<a href=\"https:\/\/www.oportunidades.org.sv\/en\/fundacion-gloria-kriete-inaugura-la-primera-escuela-cientifica-metaverso-simulada-en-marte-oportunidad-x\/\" >\n\t\t\t\tThe Gloria Kriete Foundation inaugurates the first metaverse science school simulated on Mars: \"Oportuniad-X\".\t\t\t<\/a>\n\t\t<\/h3>\n\t\t\n\t\t<a class=\"elementor-post__read-more\" href=\"https:\/\/www.oportunidades.org.sv\/en\/fundacion-gloria-kriete-inaugura-la-primera-escuela-cientifica-metaverso-simulada-en-marte-oportunidad-x\/\" aria-label=\"Read more about Fundaci\u00f3n Gloria Kriete inaugura la Primera Escuela Cient\u00edfica Metaverso simulada en Marte: \u201cOportunidad-X\u201d\" tabindex=\"-1\" >\n\t\t\tread more\t\t<\/a>\n\n\t\t\t\t<\/div>\n\t\t\t\t<\/article>\n\t\t\t\t<article class=\"elementor-post elementor-grid-item post-5813 post type-post status-publish format-standard has-post-thumbnail hentry category-noticias\" role=\"listitem\">\n\t\t\t\t<a class=\"elementor-post__thumbnail__link\" href=\"https:\/\/www.oportunidades.org.sv\/en\/conoce-oportunidad-x\/\" tabindex=\"-1\" >\n\t\t\t<div class=\"elementor-post__thumbnail\"><img decoding=\"async\" width=\"150\" height=\"150\" src=\"https:\/\/www.oportunidades.org.sv\/wp-content\/uploads\/2023\/03\/Metaverso-150x150.png\" class=\"attachment-thumbnail size-thumbnail wp-image-5814\" alt=\"\" \/><\/div>\n\t\t<\/a>\n\t\t\t\t<div class=\"elementor-post__text\">\n\t\t\t\t<h3 class=\"elementor-post__title\">\n\t\t\t<a href=\"https:\/\/www.oportunidades.org.sv\/en\/conoce-oportunidad-x\/\" >\n\t\t\t\tLearn about Oportunidad-X\t\t\t<\/a>\n\t\t<\/h3>\n\t\t\n\t\t<a class=\"elementor-post__read-more\" href=\"https:\/\/www.oportunidades.org.sv\/en\/conoce-oportunidad-x\/\" aria-label=\"Read more about Conoce Oportunidad-X\" tabindex=\"-1\" >\n\t\t\tread more\t\t<\/a>\n\n\t\t\t\t<\/div>\n\t\t\t\t<\/article>\n\t\t\t\t<\/div>\n\t\t\n\t\t\t\t\t\t<\/div>\n\t\t\t\t<\/div>\n\t\t\t\t\t<\/div>\n\t\t<\/div>\n\t\t\t\t\t<\/div>\n\t\t<\/section>\n\t\t\t\t<section class=\"elementor-section elementor-top-section elementor-element elementor-element-3e8fca55 elementor-section-full_width elementor-section-content-middle elementor-section-height-default elementor-section-height-default\" data-id=\"3e8fca55\" data-element_type=\"section\" data-settings=\"{&quot;background_background&quot;:&quot;classic&quot;}\">\n\t\t\t\t\t\t<div class=\"elementor-container elementor-column-gap-no\">\n\t\t\t\t\t<div class=\"elementor-column elementor-col-50 elementor-top-column elementor-element elementor-element-10e1aff\" data-id=\"10e1aff\" data-element_type=\"column\">\n\t\t\t<div class=\"elementor-widget-wrap elementor-element-populated\">\n\t\t\t\t\t\t<div class=\"elementor-element elementor-element-d2ae34a elementor-widget elementor-widget-text-editor\" data-id=\"d2ae34a\" data-element_type=\"widget\" data-widget_type=\"text-editor.default\">\n\t\t\t\t<div class=\"elementor-widget-container\">\n\t\t\t\t\t\t\t\t\t<p>Desde hace tres a\u00f1os, la poblaci\u00f3n en Am\u00e9rica Latina est\u00e1 enfrentando condiciones que deterioran su salud mental, debido en gran parte a consecuencias de la pandemia del Covid-19, que ha dejado secuelas en los sistemas de salud, ecomom\u00eda y educaci\u00f3n; afectandando con la p\u00e9rdida de empleos o muerte de seres queridos, aumento de estados de ansiedad o depresi\u00f3n, y las consecuentes crisis que estas situaciones pueden llegar a generar.<\/p>\n<p>Estudios de la Organizaci\u00f3n Panamericana de la Salud (OPS) indican que, entre el 20% y el 70% de la poblaci\u00f3n sigue sufriendo depresi\u00f3n y ansiedad. Las mujeres, los j\u00f3venes, las personas de bajos ingresos y las personas con problemas de salud mental preexistentes y los trabajadores de la salud, se encuentran entre los grupos m\u00e1s afectados.<\/p>\n<p>En este contexto la Fundaci\u00f3n Gloria Kriete (FGK) junto a la Fundaci\u00f3n para la Educaci\u00f3n Superior, desarrollaron el conversatorio: \u201cHerramientas de Salud Mental en la Educaci\u00f3n, Post Covid\u201d el cual tenia el objetivo de brindar a los participantes, herramientas de utilidad para el d\u00eda a d\u00eda.<\/p>\n<p><strong>\u201cEsta iniciativa es parte de los pilares de salud y educaci\u00f3n de la Fundaci\u00f3n Gloria Kriete, con esta actividad buscamos brindar a educadores y\/o profesionales en general, las herramientas necesarias, as\u00ed como estrategias pr\u00e1cticas para abordar los desaf\u00edos de salud mental post covid, incluyendo la identificaci\u00f3n de signos de problemas de salud mental en los estudiantes o equipos de trabajo, apoyando con la resiliencia, el bienestar emocional y el fomento de la salud mental positiva\u201d <\/strong>coment\u00f3, Juana Jule, directora ejecutiva de la Fundaci\u00f3n Gloria Kriete.<\/p>\n<p>En el encuentro se presentaron los resultados del s\u00e9ptimo cuaderno de la Fundaci\u00f3n para la Educaci\u00f3n Superior (FES), de la Escuela Superior de Econom\u00eda y Negocios (ESEN), que se titula <strong><em>\u00bfY si no estoy bien? <\/em><\/strong>cuyo enfoque est\u00e1 centrado en un an\u00e1lisis de la salud mental post covid-19 de la ni\u00f1ez y la adolescencia salvadore\u00f1as. Los resultados relevantes del estudio fueron presentados por <strong>David L\u00f3pez<\/strong>\u00a0es Licenciado en Econom\u00eda y Negocios, investigador de temas de educaci\u00f3n, pobreza y negocios, se ha desempe\u00f1ado como catedr\u00e1tico de ESEN y actualmente es coordinador de programas de la FES.\u00a0<\/p>\t\t\t\t\t\t\t\t<\/div>\n\t\t\t\t<\/div>\n\t\t\t\t<div class=\"elementor-element elementor-element-816a958 elementor-widget elementor-widget-video\" data-id=\"816a958\" data-element_type=\"widget\" data-settings=\"{&quot;youtube_url&quot;:&quot;https:\\\/\\\/youtu.be\\\/zvaaNjJUY64&quot;,&quot;video_type&quot;:&quot;youtube&quot;,&quot;controls&quot;:&quot;yes&quot;}\" data-widget_type=\"video.default\">\n\t\t\t\t<div class=\"elementor-widget-container\">\n\t\t\t\t\t\t\t<div class=\"elementor-wrapper elementor-open-inline\">\n\t\t\t<div class=\"elementor-video\"><\/div>\t\t<\/div>\n\t\t\t\t\t\t<\/div>\n\t\t\t\t<\/div>\n\t\t\t\t<div class=\"elementor-element elementor-element-936697d elementor-widget elementor-widget-text-editor\" data-id=\"936697d\" data-element_type=\"widget\" data-widget_type=\"text-editor.default\">\n\t\t\t\t<div class=\"elementor-widget-container\">\n\t\t\t\t\t\t\t\t\t<p><span style=\"letter-spacing: 0px; word-spacing: 0em; background-color: rgba(173, 173, 178, 0);\">El conversatorio fue moderado por <\/span><strong style=\"letter-spacing: 0px; word-spacing: 0em; background-color: rgba(173, 173, 178, 0);\">Sandra Quezada,<\/strong><span style=\"letter-spacing: 0px; word-spacing: 0em; background-color: rgba(173, 173, 178, 0);\"> Graduada del Programa Oportunidades Class 2014 Chalatenango sabatino, ahora Psic\u00f3loga, con estudios en psicolog\u00eda Cl\u00ednica y de la Salud, autocuidado en el Instituto de Nutrici\u00f3n en Centro Am\u00e9rica y Panam\u00e1, Psiquiatr\u00eda y Psicolog\u00eda Infantil y del Adolescente por CEPS, especialista en intervenci\u00f3n l\u00fadica hospitalaria, con 3 a\u00f1os de experiencia.<\/span><\/p>\n<p><strong>Los expertos que participaron fueron: <\/strong><\/p>\n<p><strong>Wilmer Portillo (Panelista): <\/strong>Graduado del Programa Oportunidades Class 2014 Sabatino S.S, ahora Dise\u00f1ador Gr\u00e1fico Publicitario, emprendedor de una marca de dise\u00f1o.<\/p>\n<p><strong style=\"letter-spacing: 0px; word-spacing: 0em; background-color: rgba(173, 173, 178, 0);\">Maria Fernanda Calder\u00f3n (Panelista):<\/strong><span style=\"letter-spacing: 0px; word-spacing: 0em; background-color: rgba(173, 173, 178, 0);\"> Licenciada en Psicolog\u00eda, con especializaci\u00f3n en counseling. Estudi\u00f3 en atenci\u00f3n cl\u00ednica a ni\u00f1as, ni\u00f1os y adolescentes. Docente universitaria en \u00e1reas de neurociencia. Actualmente trabaja en el Programa Oportunidades.<\/span><\/p>\n<p><strong>Karla Rodr\u00edguez (Panelista): <\/strong>Terapista L\u00fadica en cl\u00ednica del dolor y cuidados paliativos HNNBB, Licenciada en Psicolog\u00eda con cinco a\u00f1os de experiencia profesional en el abordaje l\u00fadico a pacientes hospitalizados, estudios en Psicolog\u00eda Cl\u00ednica Infantil, Intervenci\u00f3n en Crisis, Psicooncolog\u00eda, Psicolog\u00eda Pedi\u00e1trica y Clima Laboral Saludable.<\/p>\n<p><strong>Diana Mojica <\/strong><strong>(Panelista):<\/strong> Mentora en atenci\u00f3n integral al Trauma Glasswing. Con experiencia en el acompa\u00f1amiento de personal institucional para brindan el primer acompa\u00f1amiento a las personas que han experimentado una situaci\u00f3n traum\u00e1tica o estresante.\u00a0<\/p>\n<p>Al final del encuentro, los participantes se llevaron el libro \u201cEl Juego que Sana\u201d con herramientas de juego l\u00fadico para el manejo de traumas, adquiridas en la pr\u00e1ctica de a\u00f1os de trabajo en hospitales infantiles y que est\u00e1 por ser lanzado esta semana por la Fundaci\u00f3n Ni\u00f1ez Primero, libro que cont\u00f3 con el apoyo de FGK.<\/p>\t\t\t\t\t\t\t\t<\/div>\n\t\t\t\t<\/div>\n\t\t\t\t<div class=\"elementor-element elementor-element-74fe7c3a elementor-widget-divider--view-line elementor-widget elementor-widget-divider\" data-id=\"74fe7c3a\" data-element_type=\"widget\" data-widget_type=\"divider.default\">\n\t\t\t\t<div class=\"elementor-widget-container\">\n\t\t\t\t\t\t\t<div class=\"elementor-divider\">\n\t\t\t<span class=\"elementor-divider-separator\">\n\t\t\t\t\t\t<\/span>\n\t\t<\/div>\n\t\t\t\t\t\t<\/div>\n\t\t\t\t<\/div>\n\t\t\t\t<div class=\"elementor-element elementor-element-42553ccf elementor-widget elementor-widget-text-editor\" data-id=\"42553ccf\" data-element_type=\"widget\" data-widget_type=\"text-editor.default\">\n\t\t\t\t<div class=\"elementor-widget-container\">\n\t\t\t\t\t\t\t\t\t<p>If you liked this article, share it!<\/p>\t\t\t\t\t\t\t\t<\/div>\n\t\t\t\t<\/div>\n\t\t\t\t<div class=\"elementor-element elementor-element-7861cf8f elementor-share-buttons--skin-framed elementor-share-buttons--shape-circle elementor-share-buttons--view-icon-text elementor-grid-0 elementor-share-buttons--color-official elementor-widget elementor-widget-share-buttons\" data-id=\"7861cf8f\" data-element_type=\"widget\" data-widget_type=\"share-buttons.default\">\n\t\t\t\t<div class=\"elementor-widget-container\">\n\t\t\t\t\t\t\t<div class=\"elementor-grid\" role=\"list\">\n\t\t\t\t\t\t\t\t<div class=\"elementor-grid-item\" role=\"listitem\">\n\t\t\t\t\t\t<div class=\"elementor-share-btn elementor-share-btn_facebook\" role=\"button\" tabindex=\"0\" aria-label=\"Share on facebook\" data-no-translation-aria-label=\"\">\n\t\t\t\t\t\t\t\t\t\t\t\t\t\t\t<span class=\"elementor-share-btn__icon\">\n\t\t\t\t\t\t\t\t<i class=\"fab fa-facebook\" aria-hidden=\"true\"><\/i>\t\t\t\t\t\t\t<\/span>\n\t\t\t\t\t\t\t\t\t\t\t\t\t\t\t\t\t\t\t\t\t\t<div class=\"elementor-share-btn__text\">\n\t\t\t\t\t\t\t\t\t\t\t\t\t\t\t\t\t\t\t<span class=\"elementor-share-btn__title\">\n\t\t\t\t\t\t\t\t\t\tFacebook\t\t\t\t\t\t\t\t\t<\/span>\n\t\t\t\t\t\t\t\t\t\t\t\t\t\t\t\t\t<\/div>\n\t\t\t\t\t\t\t\t\t\t\t\t\t<\/div>\n\t\t\t\t\t<\/div>\n\t\t\t\t\t\t\t\t\t<div class=\"elementor-grid-item\" role=\"listitem\">\n\t\t\t\t\t\t<div class=\"elementor-share-btn elementor-share-btn_twitter\" role=\"button\" tabindex=\"0\" aria-label=\"Share on twitter\" data-no-translation-aria-label=\"\">\n\t\t\t\t\t\t\t\t\t\t\t\t\t\t\t<span class=\"elementor-share-btn__icon\">\n\t\t\t\t\t\t\t\t<i class=\"fab fa-twitter\" aria-hidden=\"true\"><\/i>\t\t\t\t\t\t\t<\/span>\n\t\t\t\t\t\t\t\t\t\t\t\t\t\t\t\t\t\t\t\t\t\t<div class=\"elementor-share-btn__text\">\n\t\t\t\t\t\t\t\t\t\t\t\t\t\t\t\t\t\t\t<span class=\"elementor-share-btn__title\">\n\t\t\t\t\t\t\t\t\t\tTwitter\t\t\t\t\t\t\t\t\t<\/span>\n\t\t\t\t\t\t\t\t\t\t\t\t\t\t\t\t\t<\/div>\n\t\t\t\t\t\t\t\t\t\t\t\t\t<\/div>\n\t\t\t\t\t<\/div>\n\t\t\t\t\t\t\t\t\t<div class=\"elementor-grid-item\" role=\"listitem\">\n\t\t\t\t\t\t<div class=\"elementor-share-btn elementor-share-btn_linkedin\" role=\"button\" tabindex=\"0\" aria-label=\"Share on linkedin\" data-no-translation-aria-label=\"\">\n\t\t\t\t\t\t\t\t\t\t\t\t\t\t\t<span class=\"elementor-share-btn__icon\">\n\t\t\t\t\t\t\t\t<i class=\"fab fa-linkedin\" aria-hidden=\"true\"><\/i>\t\t\t\t\t\t\t<\/span>\n\t\t\t\t\t\t\t\t\t\t\t\t\t\t\t\t\t\t\t\t\t\t<div class=\"elementor-share-btn__text\">\n\t\t\t\t\t\t\t\t\t\t\t\t\t\t\t\t\t\t\t<span class=\"elementor-share-btn__title\">\n\t\t\t\t\t\t\t\t\t\tLinkedIn\t\t\t\t\t\t\t\t\t<\/span>\n\t\t\t\t\t\t\t\t\t\t\t\t\t\t\t\t\t<\/div>\n\t\t\t\t\t\t\t\t\t\t\t\t\t<\/div>\n\t\t\t\t\t<\/div>\n\t\t\t\t\t\t<\/div>\n\t\t\t\t\t\t<\/div>\n\t\t\t\t<\/div>\n\t\t\t\t<div class=\"elementor-element elementor-element-283c2bbe elementor-author-box--align-left elementor-widget elementor-widget-author-box\" data-id=\"283c2bbe\" data-element_type=\"widget\" data-widget_type=\"author-box.default\">\n\t\t\t\t<div class=\"elementor-widget-container\">\n\t\t\t\t\t\t\t<div class=\"elementor-author-box\">\n\t\t\t\t\t\t\t<div  class=\"elementor-author-box__avatar\">\n\t\t\t\t\t<img decoding=\"async\" src=\"https:\/\/www.oportunidades.org.sv\/wp-content\/uploads\/2023\/02\/cropped-Llave-oportunidades-sin-fondo-PNG-300x300.png\" alt=\"Picture of Programa Oportunidades\" loading=\"lazy\">\n\t\t\t\t<\/div>\n\t\t\t\n\t\t\t<div class=\"elementor-author-box__text\">\n\t\t\t\t\t\t\t\t\t<div >\n\t\t\t\t\t\t<h4 class=\"elementor-author-box__name\">\n\t\t\t\t\t\t\tOportunidades Program\t\t\t\t\t\t<\/h4>\n\t\t\t\t\t<\/div>\n\t\t\t\t\n\t\t\t\t\t\t\t\t\t<div class=\"elementor-author-box__bio\">\n\t\t\t\t\t\t<p>The Oportunidades team provides these young people with all the necessary tools to set them on a path of excellence that begins with a comprehensive education and lasts throughout their lives.<\/p>\n\t\t\t\t\t<\/div>\n\t\t\t\t\n\t\t\t\t\t\t\t<\/div>\n\t\t<\/div>\n\t\t\t\t\t\t<\/div>\n\t\t\t\t<\/div>\n\t\t\t\t\t<\/div>\n\t\t<\/div>\n\t\t\t\t<div class=\"elementor-column elementor-col-50 elementor-top-column elementor-element elementor-element-3628ac84 elementor-hidden-tablet_extra elementor-hidden-tablet elementor-hidden-mobile_extra elementor-hidden-mobile\" data-id=\"3628ac84\" data-element_type=\"column\">\n\t\t\t<div class=\"elementor-widget-wrap\">\n\t\t\t\t\t\t\t<\/div>\n\t\t<\/div>\n\t\t\t\t\t<\/div>\n\t\t<\/section>\n\t\t\t\t<section class=\"elementor-section elementor-top-section elementor-element elementor-element-337fb06c elementor-section-full_width elementor-section-content-middle elementor-section-height-default elementor-section-height-default\" data-id=\"337fb06c\" data-element_type=\"section\" data-settings=\"{&quot;background_background&quot;:&quot;classic&quot;}\">\n\t\t\t\t\t\t<div class=\"elementor-container elementor-column-gap-no\">\n\t\t\t\t\t<div class=\"elementor-column elementor-col-100 elementor-top-column elementor-element elementor-element-756e02cb\" data-id=\"756e02cb\" data-element_type=\"column\">\n\t\t\t<div class=\"elementor-widget-wrap elementor-element-populated\">\n\t\t\t\t\t\t<div class=\"elementor-element elementor-element-21971735 elementor-widget elementor-widget-post-navigation\" data-id=\"21971735\" data-element_type=\"widget\" data-widget_type=\"post-navigation.default\">\n\t\t\t\t<div class=\"elementor-widget-container\">\n\t\t\t\t\t\t\t<div class=\"elementor-post-navigation\" role=\"navigation\" aria-label=\"Post Navigation\">\n\t\t\t<div class=\"elementor-post-navigation__prev elementor-post-navigation__link\">\n\t\t\t\t\t\t\t<\/div>\n\t\t\t\t\t\t<div class=\"elementor-post-navigation__next elementor-post-navigation__link\">\n\t\t\t\t<a href=\"https:\/\/www.oportunidades.org.sv\/en\/254-jovenes-se-graduan-del-programa-oportunidades-y-reciben-becas-universitarias\/\" rel=\"next\"><span class=\"elementor-post-navigation__link__next\"><span class=\"post-navigation__next--label\">Next<\/span><\/span><span class=\"post-navigation__arrow-wrapper post-navigation__arrow-next\"><i aria-hidden=\"true\" class=\"fas fa-chevron-circle-right\"><\/i><span class=\"elementor-screen-only\">Next<\/span><\/span><\/a>\t\t\t<\/div>\n\t\t<\/div>\n\t\t\t\t\t\t<\/div>\n\t\t\t\t<\/div>\n\t\t\t\t\t<\/div>\n\t\t<\/div>\n\t\t\t\t\t<\/div>\n\t\t<\/section>\n\t\t\t\t<section class=\"elementor-section elementor-top-section elementor-element elementor-element-2198ae25 elementor-section-boxed elementor-section-height-default elementor-section-height-default\" data-id=\"2198ae25\" data-element_type=\"section\">\n\t\t\t\t\t\t<div class=\"elementor-container elementor-column-gap-default\">\n\t\t\t\t\t<div class=\"elementor-column elementor-col-100 elementor-top-column elementor-element elementor-element-58a927ee elementor-hidden-widescreen elementor-hidden-desktop elementor-hidden-laptop\" data-id=\"58a927ee\" data-element_type=\"column\">\n\t\t\t<div class=\"elementor-widget-wrap elementor-element-populated\">\n\t\t\t\t\t\t<div class=\"elementor-element elementor-element-6303e4ed elementor-widget elementor-widget-heading\" data-id=\"6303e4ed\" data-element_type=\"widget\" data-widget_type=\"heading.default\">\n\t\t\t\t<div class=\"elementor-widget-container\">\n\t\t\t\t\t<h2 class=\"elementor-heading-title elementor-size-default\">Recent publications<\/h2>\t\t\t\t<\/div>\n\t\t\t\t<\/div>\n\t\t\t\t<div class=\"elementor-element elementor-element-5f37e9a9 elementor-grid-1 elementor-posts--thumbnail-left elementor-grid-tablet-1 elementor-grid-mobile-1 elementor-widget elementor-widget-posts\" data-id=\"5f37e9a9\" data-element_type=\"widget\" data-settings=\"{&quot;classic_columns&quot;:&quot;1&quot;,&quot;classic_row_gap&quot;:{&quot;unit&quot;:&quot;px&quot;,&quot;size&quot;:61,&quot;sizes&quot;:[]},&quot;motion_fx_motion_fx_mouse&quot;:&quot;yes&quot;,&quot;classic_columns_tablet&quot;:&quot;1&quot;,&quot;classic_row_gap_mobile&quot;:{&quot;unit&quot;:&quot;px&quot;,&quot;size&quot;:12,&quot;sizes&quot;:[]},&quot;classic_columns_mobile&quot;:&quot;1&quot;,&quot;classic_row_gap_widescreen&quot;:{&quot;unit&quot;:&quot;px&quot;,&quot;size&quot;:&quot;&quot;,&quot;sizes&quot;:[]},&quot;classic_row_gap_laptop&quot;:{&quot;unit&quot;:&quot;px&quot;,&quot;size&quot;:&quot;&quot;,&quot;sizes&quot;:[]},&quot;classic_row_gap_tablet_extra&quot;:{&quot;unit&quot;:&quot;px&quot;,&quot;size&quot;:&quot;&quot;,&quot;sizes&quot;:[]},&quot;classic_row_gap_tablet&quot;:{&quot;unit&quot;:&quot;px&quot;,&quot;size&quot;:&quot;&quot;,&quot;sizes&quot;:[]},&quot;classic_row_gap_mobile_extra&quot;:{&quot;unit&quot;:&quot;px&quot;,&quot;size&quot;:&quot;&quot;,&quot;sizes&quot;:[]}}\" data-widget_type=\"posts.classic\">\n\t\t\t\t<div class=\"elementor-widget-container\">\n\t\t\t\t\t\t\t<div class=\"elementor-posts-container elementor-posts elementor-posts--skin-classic elementor-grid\" role=\"list\">\n\t\t\t\t<article class=\"elementor-post elementor-grid-item post-5807 post type-post status-publish format-standard has-post-thumbnail hentry category-lanzamientos\" role=\"listitem\">\n\t\t\t\t<a class=\"elementor-post__thumbnail__link\" href=\"https:\/\/www.oportunidades.org.sv\/en\/fundacion-gloria-kriete-inaugura-la-primera-escuela-cientifica-metaverso-simulada-en-marte-oportunidad-x\/\" tabindex=\"-1\" >\n\t\t\t<div class=\"elementor-post__thumbnail\"><img decoding=\"async\" width=\"150\" height=\"150\" src=\"https:\/\/www.oportunidades.org.sv\/wp-content\/uploads\/2023\/03\/Lanzamiento-Metaverso-Oportunidades-1024x595-1-150x150.jpg\" class=\"attachment-thumbnail size-thumbnail wp-image-5808\" alt=\"\" \/><\/div>\n\t\t<\/a>\n\t\t\t\t<div class=\"elementor-post__text\">\n\t\t\t\t<h3 class=\"elementor-post__title\">\n\t\t\t<a href=\"https:\/\/www.oportunidades.org.sv\/en\/fundacion-gloria-kriete-inaugura-la-primera-escuela-cientifica-metaverso-simulada-en-marte-oportunidad-x\/\" >\n\t\t\t\tThe Gloria Kriete Foundation inaugurates the first metaverse science school simulated on Mars: \"Oportuniad-X\".\t\t\t<\/a>\n\t\t<\/h3>\n\t\t\n\t\t<a class=\"elementor-post__read-more\" href=\"https:\/\/www.oportunidades.org.sv\/en\/fundacion-gloria-kriete-inaugura-la-primera-escuela-cientifica-metaverso-simulada-en-marte-oportunidad-x\/\" aria-label=\"Read more about Fundaci\u00f3n Gloria Kriete inaugura la Primera Escuela Cient\u00edfica Metaverso simulada en Marte: \u201cOportunidad-X\u201d\" tabindex=\"-1\" >\n\t\t\tread more\t\t<\/a>\n\n\t\t\t\t<\/div>\n\t\t\t\t<\/article>\n\t\t\t\t<article class=\"elementor-post elementor-grid-item post-5813 post type-post status-publish format-standard has-post-thumbnail hentry category-noticias\" role=\"listitem\">\n\t\t\t\t<a class=\"elementor-post__thumbnail__link\" href=\"https:\/\/www.oportunidades.org.sv\/en\/conoce-oportunidad-x\/\" tabindex=\"-1\" >\n\t\t\t<div class=\"elementor-post__thumbnail\"><img decoding=\"async\" width=\"150\" height=\"150\" src=\"https:\/\/www.oportunidades.org.sv\/wp-content\/uploads\/2023\/03\/Metaverso-150x150.png\" class=\"attachment-thumbnail size-thumbnail wp-image-5814\" alt=\"\" \/><\/div>\n\t\t<\/a>\n\t\t\t\t<div class=\"elementor-post__text\">\n\t\t\t\t<h3 class=\"elementor-post__title\">\n\t\t\t<a href=\"https:\/\/www.oportunidades.org.sv\/en\/conoce-oportunidad-x\/\" >\n\t\t\t\tLearn about Oportunidad-X\t\t\t<\/a>\n\t\t<\/h3>\n\t\t\n\t\t<a class=\"elementor-post__read-more\" href=\"https:\/\/www.oportunidades.org.sv\/en\/conoce-oportunidad-x\/\" aria-label=\"Read more about Conoce Oportunidad-X\" tabindex=\"-1\" >\n\t\t\tread more\t\t<\/a>\n\n\t\t\t\t<\/div>\n\t\t\t\t<\/article>\n\t\t\t\t<article class=\"elementor-post elementor-grid-item post-5825 post type-post status-publish format-standard has-post-thumbnail hentry category-noticias\" role=\"listitem\">\n\t\t\t\t<a class=\"elementor-post__thumbnail__link\" href=\"https:\/\/www.oportunidades.org.sv\/en\/254-jovenes-se-graduan-del-programa-oportunidades-y-reciben-becas-universitarias\/\" tabindex=\"-1\" >\n\t\t\t<div class=\"elementor-post__thumbnail\"><img decoding=\"async\" width=\"150\" height=\"150\" src=\"https:\/\/www.oportunidades.org.sv\/wp-content\/uploads\/2023\/03\/Grad-SS-Prensa-6-150x150.jpg\" class=\"attachment-thumbnail size-thumbnail wp-image-5725\" alt=\"\" \/><\/div>\n\t\t<\/a>\n\t\t\t\t<div class=\"elementor-post__text\">\n\t\t\t\t<h3 class=\"elementor-post__title\">\n\t\t\t<a href=\"https:\/\/www.oportunidades.org.sv\/en\/254-jovenes-se-graduan-del-programa-oportunidades-y-reciben-becas-universitarias\/\" >\n\t\t\t\t254 young people graduate from the Oportunidades Program and receive university scholarships.\t\t\t<\/a>\n\t\t<\/h3>\n\t\t\n\t\t<a class=\"elementor-post__read-more\" href=\"https:\/\/www.oportunidades.org.sv\/en\/254-jovenes-se-graduan-del-programa-oportunidades-y-reciben-becas-universitarias\/\" aria-label=\"Read more about 254 j\u00f3venes se grad\u00faan del Programa Oportunidades y reciben becas universitarias\" tabindex=\"-1\" >\n\t\t\tread more\t\t<\/a>\n\n\t\t\t\t<\/div>\n\t\t\t\t<\/article>\n\t\t\t\t<\/div>\n\t\t\n\t\t\t\t\t\t<\/div>\n\t\t\t\t<\/div>\n\t\t\t\t\t<\/div>\n\t\t<\/div>\n\t\t\t\t\t<\/div>\n\t\t<\/section>\n\t\t\t\t<\/div>","protected":false},"excerpt":{"rendered":"<p>La Fundaci\u00f3n Gloria Kriete (FGK) junto a la Fundaci\u00f3n para la Educaci\u00f3n Superior, desarrollaron el conversatorio: \u201cHerramientas de Salud Mental en la Educaci\u00f3n, Post Covid\u201d el cual ten\u00eda el objetivo de brindar a los participantes, herramientas de utilidad para el d\u00eda a d\u00eda.<\/p>","protected":false},"author":1,"featured_media":6415,"comment_status":"open","ping_status":"open","sticky":false,"template":"elementor_header_footer","format":"standard","meta":{"om_disable_all_campaigns":false,"_monsterinsights_skip_tracking":false,"_monsterinsights_sitenote_active":false,"_monsterinsights_sitenote_note":"","_monsterinsights_sitenote_category":0,"_uf_show_specific_survey":0,"_uf_disable_surveys":false,"footnotes":""},"categories":[20],"tags":[],"class_list":["post-6414","post","type-post","status-publish","format-standard","has-post-thumbnail","hentry","category-noticias"],"aioseo_notices":[],"_links":{"self":[{"href":"https:\/\/www.oportunidades.org.sv\/en\/wp-json\/wp\/v2\/posts\/6414","targetHints":{"allow":["GET"]}}],"collection":[{"href":"https:\/\/www.oportunidades.org.sv\/en\/wp-json\/wp\/v2\/posts"}],"about":[{"href":"https:\/\/www.oportunidades.org.sv\/en\/wp-json\/wp\/v2\/types\/post"}],"author":[{"embeddable":true,"href":"https:\/\/www.oportunidades.org.sv\/en\/wp-json\/wp\/v2\/users\/1"}],"replies":[{"embeddable":true,"href":"https:\/\/www.oportunidades.org.sv\/en\/wp-json\/wp\/v2\/comments?post=6414"}],"version-history":[{"count":14,"href":"https:\/\/www.oportunidades.org.sv\/en\/wp-json\/wp\/v2\/posts\/6414\/revisions"}],"predecessor-version":[{"id":6436,"href":"https:\/\/www.oportunidades.org.sv\/en\/wp-json\/wp\/v2\/posts\/6414\/revisions\/6436"}],"wp:featuredmedia":[{"embeddable":true,"href":"https:\/\/www.oportunidades.org.sv\/en\/wp-json\/wp\/v2\/media\/6415"}],"wp:attachment":[{"href":"https:\/\/www.oportunidades.org.sv\/en\/wp-json\/wp\/v2\/media?parent=6414"}],"wp:term":[{"taxonomy":"category","embeddable":true,"href":"https:\/\/www.oportunidades.org.sv\/en\/wp-json\/wp\/v2\/categories?post=6414"},{"taxonomy":"post_tag","embeddable":true,"href":"https:\/\/www.oportunidades.org.sv\/en\/wp-json\/wp\/v2\/tags?post=6414"}],"curies":[{"name":"wp","href":"https:\/\/api.w.org\/{rel}","templated":true}]}}