{"id":6185,"date":"2023-04-18T18:08:12","date_gmt":"2023-04-19T00:08:12","guid":{"rendered":"http:\/\/www.oportunidades.org.sv\/?p=6185"},"modified":"2023-04-19T09:19:27","modified_gmt":"2023-04-19T15:19:27","slug":"mas-de-360-jovenes-en-todo-el-pais-podran-aplicar-a-las-becas-educativas-del-programa-oportunidades","status":"publish","type":"post","link":"https:\/\/www.oportunidades.org.sv\/en\/mas-de-360-jovenes-en-todo-el-pais-podran-aplicar-a-las-becas-educativas-del-programa-oportunidades\/","title":{"rendered":"M\u00e1s de 360 j\u00f3venes en todo el pa\u00eds podr\u00e1n aplicar a las becas educativas del Programa Oportunidades"},"content":{"rendered":"<div data-elementor-type=\"wp-post\" data-elementor-id=\"6185\" class=\"elementor elementor-6185\" data-elementor-post-type=\"post\">\n\t\t\t\t\t\t<section class=\"elementor-section elementor-top-section elementor-element elementor-element-76252a89 elementor-section-content-middle elementor-reverse-tablet elementor-reverse-mobile elementor-section-full_width elementor-section-height-default elementor-section-height-default\" data-id=\"76252a89\" data-element_type=\"section\" data-settings=\"{&quot;background_background&quot;:&quot;classic&quot;}\">\n\t\t\t\t\t\t<div class=\"elementor-container elementor-column-gap-no\">\n\t\t\t\t\t<div class=\"elementor-column elementor-col-100 elementor-top-column elementor-element elementor-element-63b8a0e5\" data-id=\"63b8a0e5\" data-element_type=\"column\">\n\t\t\t<div class=\"elementor-widget-wrap elementor-element-populated\">\n\t\t\t\t\t\t<div class=\"elementor-element elementor-element-fd1346d elementor-widget elementor-widget-theme-post-title elementor-page-title elementor-widget-heading\" data-id=\"fd1346d\" data-element_type=\"widget\" data-widget_type=\"theme-post-title.default\">\n\t\t\t\t<div class=\"elementor-widget-container\">\n\t\t\t\t\t<h1 class=\"elementor-heading-title elementor-size-default\">M\u00e1s de 360 j\u00f3venes en todo el pa\u00eds podr\u00e1n aplicar a las becas educativas del Programa Oportunidades<\/h1>\t\t\t\t<\/div>\n\t\t\t\t<\/div>\n\t\t\t\t\t<\/div>\n\t\t<\/div>\n\t\t\t\t\t<\/div>\n\t\t<\/section>\n\t\t\t\t<section class=\"elementor-section elementor-top-section elementor-element elementor-element-74d41d59 elementor-section-full_width elementor-section-content-middle elementor-section-height-default elementor-section-height-default\" data-id=\"74d41d59\" data-element_type=\"section\" data-settings=\"{&quot;background_background&quot;:&quot;classic&quot;}\">\n\t\t\t\t\t\t<div class=\"elementor-container elementor-column-gap-no\">\n\t\t\t\t\t<div class=\"elementor-column elementor-col-50 elementor-top-column elementor-element elementor-element-58f9c502\" data-id=\"58f9c502\" data-element_type=\"column\">\n\t\t\t<div class=\"elementor-widget-wrap elementor-element-populated\">\n\t\t\t\t\t\t<div class=\"elementor-element elementor-element-6a3277ef elementor--h-position-center elementor--v-position-middle elementor-arrows-position-inside elementor-pagination-position-inside elementor-widget elementor-widget-slides\" data-id=\"6a3277ef\" data-element_type=\"widget\" data-settings=\"{&quot;navigation&quot;:&quot;both&quot;,&quot;autoplay&quot;:&quot;yes&quot;,&quot;pause_on_hover&quot;:&quot;yes&quot;,&quot;pause_on_interaction&quot;:&quot;yes&quot;,&quot;autoplay_speed&quot;:5000,&quot;infinite&quot;:&quot;yes&quot;,&quot;transition&quot;:&quot;slide&quot;,&quot;transition_speed&quot;:500}\" data-widget_type=\"slides.default\">\n\t\t\t\t<div class=\"elementor-widget-container\">\n\t\t\t\t\t\t\t\t\t<div class=\"elementor-swiper\">\n\t\t\t\t\t<div class=\"elementor-slides-wrapper elementor-main-swiper swiper\" role=\"region\" aria-roledescription=\"carousel\" aria-label=\"Slides\" dir=\"ltr\" data-animation=\"fadeInUp\">\n\t\t\t\t<div class=\"swiper-wrapper elementor-slides\">\n\t\t\t\t\t\t\t\t\t\t<div class=\"elementor-repeater-item-2f9428d swiper-slide\" role=\"group\" aria-roledescription=\"slide\"><div class=\"swiper-slide-bg\" role=\"img\" aria-label=\"Lanzamiento-PS-Op-2023-13\"><\/div><div class=\"swiper-slide-inner\" ><div class=\"swiper-slide-contents\"><\/div><\/div><\/div><div class=\"elementor-repeater-item-c035c8c swiper-slide\" role=\"group\" aria-roledescription=\"slide\"><div class=\"swiper-slide-bg\" role=\"img\" aria-label=\"Lanzamiento-PS-Op-2023-12\"><\/div><div class=\"swiper-slide-inner\" ><div class=\"swiper-slide-contents\"><\/div><\/div><\/div><div class=\"elementor-repeater-item-b55832b swiper-slide\" role=\"group\" aria-roledescription=\"slide\"><div class=\"swiper-slide-bg\" role=\"img\" aria-label=\"Lanzamiento-PS-Op-2023-11\"><\/div><div class=\"swiper-slide-inner\" ><div class=\"swiper-slide-contents\"><\/div><\/div><\/div><div class=\"elementor-repeater-item-9f6be55 swiper-slide\" role=\"group\" aria-roledescription=\"slide\"><div class=\"swiper-slide-bg\" role=\"img\" aria-label=\"Lanzamiento-PS-Op-2023-10\"><\/div><div class=\"swiper-slide-inner\" ><div class=\"swiper-slide-contents\"><\/div><\/div><\/div><div class=\"elementor-repeater-item-a2a206c swiper-slide\" role=\"group\" aria-roledescription=\"slide\"><div class=\"swiper-slide-bg\" role=\"img\" aria-label=\"Lanzamiento-PS-Op-2023-09\"><\/div><div class=\"swiper-slide-inner\" ><div class=\"swiper-slide-contents\"><\/div><\/div><\/div><div class=\"elementor-repeater-item-0848fef swiper-slide\" role=\"group\" aria-roledescription=\"slide\"><div class=\"swiper-slide-bg\" role=\"img\" aria-label=\"Lanzamiento-PS-Op-2023-08\"><\/div><div class=\"swiper-slide-inner\" ><div class=\"swiper-slide-contents\"><\/div><\/div><\/div><div class=\"elementor-repeater-item-d62313b swiper-slide\" role=\"group\" aria-roledescription=\"slide\"><div class=\"swiper-slide-bg\" role=\"img\" aria-label=\"Lanzamiento-PS-Op-2023-07\"><\/div><div class=\"swiper-slide-inner\" ><div class=\"swiper-slide-contents\"><\/div><\/div><\/div><div class=\"elementor-repeater-item-1d91cbe swiper-slide\" role=\"group\" aria-roledescription=\"slide\"><div class=\"swiper-slide-bg\" role=\"img\" aria-label=\"Lanzamiento-PS-Op-2023-05\"><\/div><div class=\"swiper-slide-inner\" ><div class=\"swiper-slide-contents\"><\/div><\/div><\/div>\t\t\t\t<\/div>\n\t\t\t\t\t\t\t\t\t\t\t\t\t\t\t<div class=\"elementor-swiper-button elementor-swiper-button-prev\" role=\"button\" tabindex=\"0\" aria-label=\"Previous slide\">\n\t\t\t\t\t\t\t<i aria-hidden=\"true\" class=\"eicon-chevron-left\"><\/i>\t\t\t\t\t\t<\/div>\n\t\t\t\t\t\t<div class=\"elementor-swiper-button elementor-swiper-button-next\" role=\"button\" tabindex=\"0\" aria-label=\"Next slide\">\n\t\t\t\t\t\t\t<i aria-hidden=\"true\" class=\"eicon-chevron-right\"><\/i>\t\t\t\t\t\t<\/div>\n\t\t\t\t\t\t\t\t\t\t\t\t\t\t\t\t<div class=\"swiper-pagination\"><\/div>\n\t\t\t\t\t\t\t\t\t\t\t\t<\/div>\n\t\t\t\t<\/div>\n\t\t\t\t\t\t\t\t<\/div>\n\t\t\t\t<\/div>\n\t\t\t\t\t<\/div>\n\t\t<\/div>\n\t\t\t\t<div class=\"elementor-column elementor-col-50 elementor-top-column elementor-element elementor-element-5e1bcff4 elementor-hidden-mobile elementor-hidden-tablet_extra elementor-hidden-tablet elementor-hidden-mobile_extra\" data-id=\"5e1bcff4\" data-element_type=\"column\">\n\t\t\t<div class=\"elementor-widget-wrap elementor-element-populated\">\n\t\t\t\t\t\t<div class=\"elementor-element elementor-element-60e659e3 elementor-widget elementor-widget-heading\" data-id=\"60e659e3\" data-element_type=\"widget\" data-widget_type=\"heading.default\">\n\t\t\t\t<div class=\"elementor-widget-container\">\n\t\t\t\t\t<h2 class=\"elementor-heading-title elementor-size-default\">Recent publications<\/h2>\t\t\t\t<\/div>\n\t\t\t\t<\/div>\n\t\t\t\t<div class=\"elementor-element elementor-element-6437215c elementor-grid-1 elementor-posts--thumbnail-left elementor-grid-tablet-1 elementor-grid-mobile-1 elementor-widget elementor-widget-posts\" data-id=\"6437215c\" data-element_type=\"widget\" data-settings=\"{&quot;classic_columns&quot;:&quot;1&quot;,&quot;classic_row_gap&quot;:{&quot;unit&quot;:&quot;px&quot;,&quot;size&quot;:61,&quot;sizes&quot;:[]},&quot;motion_fx_motion_fx_mouse&quot;:&quot;yes&quot;,&quot;classic_columns_tablet&quot;:&quot;1&quot;,&quot;classic_row_gap_mobile&quot;:{&quot;unit&quot;:&quot;px&quot;,&quot;size&quot;:12,&quot;sizes&quot;:[]},&quot;classic_columns_mobile&quot;:&quot;1&quot;,&quot;classic_row_gap_widescreen&quot;:{&quot;unit&quot;:&quot;px&quot;,&quot;size&quot;:&quot;&quot;,&quot;sizes&quot;:[]},&quot;classic_row_gap_laptop&quot;:{&quot;unit&quot;:&quot;px&quot;,&quot;size&quot;:&quot;&quot;,&quot;sizes&quot;:[]},&quot;classic_row_gap_tablet_extra&quot;:{&quot;unit&quot;:&quot;px&quot;,&quot;size&quot;:&quot;&quot;,&quot;sizes&quot;:[]},&quot;classic_row_gap_tablet&quot;:{&quot;unit&quot;:&quot;px&quot;,&quot;size&quot;:&quot;&quot;,&quot;sizes&quot;:[]},&quot;classic_row_gap_mobile_extra&quot;:{&quot;unit&quot;:&quot;px&quot;,&quot;size&quot;:&quot;&quot;,&quot;sizes&quot;:[]}}\" data-widget_type=\"posts.classic\">\n\t\t\t\t<div class=\"elementor-widget-container\">\n\t\t\t\t\t\t\t<div class=\"elementor-posts-container elementor-posts elementor-posts--skin-classic elementor-grid\" role=\"list\">\n\t\t\t\t<article class=\"elementor-post elementor-grid-item post-5807 post type-post status-publish format-standard has-post-thumbnail hentry category-lanzamientos\" role=\"listitem\">\n\t\t\t\t<a class=\"elementor-post__thumbnail__link\" href=\"https:\/\/www.oportunidades.org.sv\/en\/fundacion-gloria-kriete-inaugura-la-primera-escuela-cientifica-metaverso-simulada-en-marte-oportunidad-x\/\" tabindex=\"-1\" >\n\t\t\t<div class=\"elementor-post__thumbnail\"><img decoding=\"async\" width=\"150\" height=\"150\" src=\"https:\/\/www.oportunidades.org.sv\/wp-content\/uploads\/2023\/03\/Lanzamiento-Metaverso-Oportunidades-1024x595-1-150x150.jpg\" class=\"attachment-thumbnail size-thumbnail wp-image-5808\" alt=\"\" \/><\/div>\n\t\t<\/a>\n\t\t\t\t<div class=\"elementor-post__text\">\n\t\t\t\t<h3 class=\"elementor-post__title\">\n\t\t\t<a href=\"https:\/\/www.oportunidades.org.sv\/en\/fundacion-gloria-kriete-inaugura-la-primera-escuela-cientifica-metaverso-simulada-en-marte-oportunidad-x\/\" >\n\t\t\t\tThe Gloria Kriete Foundation inaugurates the first metaverse science school simulated on Mars: \"Oportuniad-X\".\t\t\t<\/a>\n\t\t<\/h3>\n\t\t\n\t\t<a class=\"elementor-post__read-more\" href=\"https:\/\/www.oportunidades.org.sv\/en\/fundacion-gloria-kriete-inaugura-la-primera-escuela-cientifica-metaverso-simulada-en-marte-oportunidad-x\/\" aria-label=\"Read more about Fundaci\u00f3n Gloria Kriete inaugura la Primera Escuela Cient\u00edfica Metaverso simulada en Marte: \u201cOportunidad-X\u201d\" tabindex=\"-1\" >\n\t\t\tread more\t\t<\/a>\n\n\t\t\t\t<\/div>\n\t\t\t\t<\/article>\n\t\t\t\t<article class=\"elementor-post elementor-grid-item post-5813 post type-post status-publish format-standard has-post-thumbnail hentry category-noticias\" role=\"listitem\">\n\t\t\t\t<a class=\"elementor-post__thumbnail__link\" href=\"https:\/\/www.oportunidades.org.sv\/en\/conoce-oportunidad-x\/\" tabindex=\"-1\" >\n\t\t\t<div class=\"elementor-post__thumbnail\"><img decoding=\"async\" width=\"150\" height=\"150\" src=\"https:\/\/www.oportunidades.org.sv\/wp-content\/uploads\/2023\/03\/Metaverso-150x150.png\" class=\"attachment-thumbnail size-thumbnail wp-image-5814\" alt=\"\" \/><\/div>\n\t\t<\/a>\n\t\t\t\t<div class=\"elementor-post__text\">\n\t\t\t\t<h3 class=\"elementor-post__title\">\n\t\t\t<a href=\"https:\/\/www.oportunidades.org.sv\/en\/conoce-oportunidad-x\/\" >\n\t\t\t\tLearn about Oportunidad-X\t\t\t<\/a>\n\t\t<\/h3>\n\t\t\n\t\t<a class=\"elementor-post__read-more\" href=\"https:\/\/www.oportunidades.org.sv\/en\/conoce-oportunidad-x\/\" aria-label=\"Read more about Conoce Oportunidad-X\" tabindex=\"-1\" >\n\t\t\tread more\t\t<\/a>\n\n\t\t\t\t<\/div>\n\t\t\t\t<\/article>\n\t\t\t\t<\/div>\n\t\t\n\t\t\t\t\t\t<\/div>\n\t\t\t\t<\/div>\n\t\t\t\t\t<\/div>\n\t\t<\/div>\n\t\t\t\t\t<\/div>\n\t\t<\/section>\n\t\t\t\t<section class=\"elementor-section elementor-top-section elementor-element elementor-element-3e8fca55 elementor-section-full_width elementor-section-content-middle elementor-section-height-default elementor-section-height-default\" data-id=\"3e8fca55\" data-element_type=\"section\" data-settings=\"{&quot;background_background&quot;:&quot;classic&quot;}\">\n\t\t\t\t\t\t<div class=\"elementor-container elementor-column-gap-no\">\n\t\t\t\t\t<div class=\"elementor-column elementor-col-50 elementor-top-column elementor-element elementor-element-10e1aff\" data-id=\"10e1aff\" data-element_type=\"column\">\n\t\t\t<div class=\"elementor-widget-wrap elementor-element-populated\">\n\t\t\t\t\t\t<div class=\"elementor-element elementor-element-d2ae34a elementor-widget elementor-widget-text-editor\" data-id=\"d2ae34a\" data-element_type=\"widget\" data-widget_type=\"text-editor.default\">\n\t\t\t\t<div class=\"elementor-widget-container\">\n\t\t\t\t\t\t\t\t\t<p><span data-contrast=\"auto\">La Fundaci\u00f3n Gloria Kriete (FGK) junto a <\/span><span data-contrast=\"auto\">la Agencia de los Estados Unidos para el Desarrollo Internacional (USAID), anunciaron el lanzamiento del proceso de selecci\u00f3n del Programa Oportunidades.\u00a0 Todo este proceso se llevar\u00e1 a cabo durante gran parte del 2023 para los j\u00f3venes que iniciar\u00e1n el programa en el a\u00f1o 2024.\u00a0 Esta iniciativa busca cambiar el futuro de los j\u00f3venes a trav\u00e9s de la educaci\u00f3n y as\u00ed reducir <\/span><span data-contrast=\"auto\">brechas educativas.<\/span><span data-ccp-props=\"{&quot;201341983&quot;:0,&quot;335551550&quot;:6,&quot;335551620&quot;:6,&quot;335559685&quot;:-142,&quot;335559739&quot;:0,&quot;335559740&quot;:240}\">\u00a0<\/span><\/p><p><span style=\"letter-spacing: 0px; word-spacing: 0em; background-color: rgba(173, 173, 178, 0);\" data-contrast=\"auto\">Este innovador programa <\/span><span style=\"letter-spacing: 0px; word-spacing: 0em; background-color: rgba(173, 173, 178, 0);\" data-contrast=\"auto\">es un referente en aprendizaje y ense\u00f1anza adaptado a esta nueva era.\u00a0 Creado <\/span><span style=\"letter-spacing: 0px; word-spacing: 0em; background-color: rgba(173, 173, 178, 0);\" data-contrast=\"auto\">e impulsado por la FGK, el programa ofrece a los j\u00f3venes salvadore\u00f1os de recursos limitados con excelencia acad\u00e9mica una<\/span> <span style=\"letter-spacing: 0px; word-spacing: 0em; background-color: rgba(173, 173, 178, 0);\" data-contrast=\"auto\">educaci\u00f3n complementaria de alta calidad para impulsar su crecimiento y empleabilidad a trav\u00e9s de <\/span><span style=\"letter-spacing: 0px; word-spacing: 0em; background-color: rgba(173, 173, 178, 0);\" data-contrast=\"auto\">la innovaci\u00f3n pedag\u00f3gica con m\u00e9todos y estrategias creativas en todas sus \u00e1reas educativas.\u00a0<\/span><span style=\"letter-spacing: 0px; word-spacing: 0em; background-color: rgba(173, 173, 178, 0);\" data-ccp-props=\"{&quot;201341983&quot;:0,&quot;335551550&quot;:6,&quot;335551620&quot;:6,&quot;335559685&quot;:-142,&quot;335559739&quot;:0,&quot;335559740&quot;:240}\">\u00a0<\/span><\/p><p><span data-contrast=\"auto\">El proceso para aplicar a una de estas 360 becas estar\u00e1 abierto desde el pr\u00f3ximo <\/span><b><span data-contrast=\"auto\">18 de abril<\/span><\/b><span data-contrast=\"auto\"> para la modalidad sabatina en San Miguel, Santa Ana, Sonsonate y San Salvador y para la modalidad tiempo completo en San Salvador y Santa Ana\u00a0 La fecha l\u00edmite para aplicar es el <\/span><b><span data-contrast=\"auto\">26 de agosto<\/span><\/b><span data-contrast=\"auto\">. <\/span><span data-contrast=\"none\">Los j\u00f3venes interesados en aplicar pueden obtener m\u00e1s informaci\u00f3n y revisar los requisitos de cada modalidad en el sitio web:<\/span> <a href=\"https:\/\/www.oportunidades.org.sv\/en\/\"><span data-contrast=\"none\">http:\/\/www.oportunidades.org.sv\/<\/span><\/a><span data-contrast=\"none\"> o siguiendo las redes sociales de programa, para ver toda la informaci\u00f3n que se publica.<\/span><span data-ccp-props=\"{&quot;201341983&quot;:0,&quot;335551550&quot;:6,&quot;335551620&quot;:6,&quot;335559685&quot;:-142,&quot;335559739&quot;:0,&quot;335559740&quot;:240}\">\u00a0<\/span><\/p><p><span style=\"letter-spacing: 0px; word-spacing: 0em; background-color: rgba(173, 173, 178, 0);\" data-contrast=\"auto\">Oportunidades es <\/span><span style=\"letter-spacing: 0px; word-spacing: 0em; background-color: rgba(173, 173, 178, 0);\" data-contrast=\"auto\">un programa que ha sabido descifrar hacia d\u00f3nde van los modelos educativos, qu\u00e9 papel juega la tecnolog\u00eda, la rob\u00f3tica o la inteligencia artificial en los procesos did\u00e1cticos y qu\u00e9 tipo de espacios educativos est\u00e1n por venir, convirti\u00e9ndose as\u00ed en un <\/span><span style=\"letter-spacing: 0px; word-spacing: 0em; background-color: rgba(173, 173, 178, 0);\" data-contrast=\"auto\">programa \u00fanico en la regi\u00f3n, que interviene a lo largo de 5 a 8 a\u00f1os, desde el ingreso del estudiante al programa <\/span><span style=\"letter-spacing: 0px; word-spacing: 0em; background-color: rgba(173, 173, 178, 0);\" data-contrast=\"auto\">hasta su inserci\u00f3n al mercado laboral.<\/span><span style=\"letter-spacing: 0px; word-spacing: 0em; background-color: rgba(173, 173, 178, 0);\" data-ccp-props=\"{&quot;201341983&quot;:0,&quot;335551550&quot;:6,&quot;335551620&quot;:6,&quot;335559685&quot;:-142,&quot;335559737&quot;:-142,&quot;335559739&quot;:0,&quot;335559740&quot;:240}\">\u00a0<\/span><\/p><p><span data-contrast=\"auto\">En<\/span><span data-contrast=\"auto\"> la primera fase se refuerzan conocimientos acad\u00e9micos de forma complementaria, pues el programa imparte materias de alto rendimiento que incluyen matem\u00e1ticas, programaci\u00f3n, formaci\u00f3n ling\u00fc\u00edstica, ingl\u00e9s, <\/span><span data-contrast=\"auto\">competencias blandas, implementaci\u00f3n de habilidades STEAM, impresi\u00f3n 3D y el aprendizaje inmersivo a trav\u00e9s de la primera aula Metaverso en el pa\u00eds. El <\/span><span data-contrast=\"auto\">acompa\u00f1amiento universitario es la Fase 2, en la cual se brinda apoyo a j\u00f3venes para que contin\u00faen con sus estudios superiores en alguna de las 16 universidades aliadas al programa; y en la Fase 3, que ofrece inserci\u00f3n laboral, se acompa\u00f1a a j\u00f3venes profesionales en la b\u00fasqueda de empleo y se les brinda formaci\u00f3n a trav\u00e9s de la Certificaci\u00f3n de Empleabilidad, un curso h\u00edbrido de 9 meses de duraci\u00f3n, que forma en tendencias laborales y en las competencias m\u00e1s demandadas por los sectores econ\u00f3micamente productivos. El resultado de esta fase ha permitido la colocaci\u00f3n de m\u00e1s de 880 j\u00f3venes en sectores productivos del pa\u00eds y de la regi\u00f3n.<\/span><span data-ccp-props=\"{&quot;201341983&quot;:0,&quot;335551550&quot;:6,&quot;335551620&quot;:6,&quot;335559685&quot;:-142,&quot;335559737&quot;:-142,&quot;335559739&quot;:0,&quot;335559740&quot;:240}\">\u00a0<\/span><\/p><p><span data-contrast=\"auto\">Gracias a <\/span><span data-contrast=\"none\">la <\/span><span data-contrast=\"auto\">alianza entre FGK y USAID, se han destinado en conjunto un total de US$14.2 millones para expandir el programa operando a la fecha 6 centros Oportunidades y esperando beneficiar a un total de 2,155 j\u00f3venes de los departamentos de Santa Ana, San Salvador, San Miguel, Sonsonate y municipios de alrededor.\u00a0 USAID apoya esta iniciativa como parte de su Estrategia de Cooperaci\u00f3n para el Desarrollo para El Salvador, con la meta de reducir los factores que impulsan la migraci\u00f3n irregular al promover un El Salvador m\u00e1s autosuficiente, seguro y pr\u00f3spero, <\/span><span data-contrast=\"none\">transformando positivamente realidades y entornos en todo el pa<\/span><span data-contrast=\"auto\">\u00ed<\/span><span data-contrast=\"none\">s.<\/span><span data-ccp-props=\"{&quot;201341983&quot;:0,&quot;335551550&quot;:6,&quot;335551620&quot;:6,&quot;335559685&quot;:-142,&quot;335559737&quot;:-142,&quot;335559739&quot;:0,&quot;335559740&quot;:240}\">\u00a0<\/span><\/p><p><span data-contrast=\"auto\">El Programa Oportunidades a la fecha ha logrado impactar la vida de 3,987 j\u00f3venes, con un modelo socioeducativo innovador.\u00a0 Este impacto ha sido gracias a organizaciones aliadas, al equipo de formadores y equipo directivo que se compromete con cada joven, otorg\u00e1ndoles <\/span><span data-contrast=\"auto\">todas las herramientas para que desarrollen iniciativas propias que brinden progreso a su comunidad y a la sociedad<\/span><span data-contrast=\"auto\">.<\/span><span data-ccp-props=\"{&quot;201341983&quot;:0,&quot;335551550&quot;:6,&quot;335551620&quot;:6,&quot;335559685&quot;:-142,&quot;335559737&quot;:-142,&quot;335559739&quot;:0,&quot;335559740&quot;:240}\">\u00a0<\/span><\/p>\t\t\t\t\t\t\t\t<\/div>\n\t\t\t\t<\/div>\n\t\t\t\t<div class=\"elementor-element elementor-element-74fe7c3a elementor-widget-divider--view-line elementor-widget elementor-widget-divider\" data-id=\"74fe7c3a\" data-element_type=\"widget\" data-widget_type=\"divider.default\">\n\t\t\t\t<div class=\"elementor-widget-container\">\n\t\t\t\t\t\t\t<div class=\"elementor-divider\">\n\t\t\t<span class=\"elementor-divider-separator\">\n\t\t\t\t\t\t<\/span>\n\t\t<\/div>\n\t\t\t\t\t\t<\/div>\n\t\t\t\t<\/div>\n\t\t\t\t<div class=\"elementor-element elementor-element-42553ccf elementor-widget elementor-widget-text-editor\" data-id=\"42553ccf\" data-element_type=\"widget\" data-widget_type=\"text-editor.default\">\n\t\t\t\t<div class=\"elementor-widget-container\">\n\t\t\t\t\t\t\t\t\t<p>If you liked this article, share it!<\/p>\t\t\t\t\t\t\t\t<\/div>\n\t\t\t\t<\/div>\n\t\t\t\t<div class=\"elementor-element elementor-element-7861cf8f elementor-share-buttons--skin-framed elementor-share-buttons--shape-circle elementor-share-buttons--view-icon-text elementor-grid-0 elementor-share-buttons--color-official elementor-widget elementor-widget-share-buttons\" data-id=\"7861cf8f\" data-element_type=\"widget\" data-widget_type=\"share-buttons.default\">\n\t\t\t\t<div class=\"elementor-widget-container\">\n\t\t\t\t\t\t\t<div class=\"elementor-grid\" role=\"list\">\n\t\t\t\t\t\t\t\t<div class=\"elementor-grid-item\" role=\"listitem\">\n\t\t\t\t\t\t<div class=\"elementor-share-btn elementor-share-btn_facebook\" role=\"button\" tabindex=\"0\" aria-label=\"Share on facebook\">\n\t\t\t\t\t\t\t\t\t\t\t\t\t\t\t<span class=\"elementor-share-btn__icon\">\n\t\t\t\t\t\t\t\t<i class=\"fab fa-facebook\" aria-hidden=\"true\"><\/i>\t\t\t\t\t\t\t<\/span>\n\t\t\t\t\t\t\t\t\t\t\t\t\t\t\t\t\t\t\t\t\t\t<div class=\"elementor-share-btn__text\">\n\t\t\t\t\t\t\t\t\t\t\t\t\t\t\t\t\t\t\t<span class=\"elementor-share-btn__title\">\n\t\t\t\t\t\t\t\t\t\tFacebook\t\t\t\t\t\t\t\t\t<\/span>\n\t\t\t\t\t\t\t\t\t\t\t\t\t\t\t\t\t<\/div>\n\t\t\t\t\t\t\t\t\t\t\t\t\t<\/div>\n\t\t\t\t\t<\/div>\n\t\t\t\t\t\t\t\t\t<div class=\"elementor-grid-item\" role=\"listitem\">\n\t\t\t\t\t\t<div class=\"elementor-share-btn elementor-share-btn_twitter\" role=\"button\" tabindex=\"0\" aria-label=\"Share on twitter\">\n\t\t\t\t\t\t\t\t\t\t\t\t\t\t\t<span class=\"elementor-share-btn__icon\">\n\t\t\t\t\t\t\t\t<i class=\"fab fa-twitter\" aria-hidden=\"true\"><\/i>\t\t\t\t\t\t\t<\/span>\n\t\t\t\t\t\t\t\t\t\t\t\t\t\t\t\t\t\t\t\t\t\t<div class=\"elementor-share-btn__text\">\n\t\t\t\t\t\t\t\t\t\t\t\t\t\t\t\t\t\t\t<span class=\"elementor-share-btn__title\">\n\t\t\t\t\t\t\t\t\t\tTwitter\t\t\t\t\t\t\t\t\t<\/span>\n\t\t\t\t\t\t\t\t\t\t\t\t\t\t\t\t\t<\/div>\n\t\t\t\t\t\t\t\t\t\t\t\t\t<\/div>\n\t\t\t\t\t<\/div>\n\t\t\t\t\t\t\t\t\t<div class=\"elementor-grid-item\" role=\"listitem\">\n\t\t\t\t\t\t<div class=\"elementor-share-btn elementor-share-btn_linkedin\" role=\"button\" tabindex=\"0\" aria-label=\"Share on linkedin\">\n\t\t\t\t\t\t\t\t\t\t\t\t\t\t\t<span class=\"elementor-share-btn__icon\">\n\t\t\t\t\t\t\t\t<i class=\"fab fa-linkedin\" aria-hidden=\"true\"><\/i>\t\t\t\t\t\t\t<\/span>\n\t\t\t\t\t\t\t\t\t\t\t\t\t\t\t\t\t\t\t\t\t\t<div class=\"elementor-share-btn__text\">\n\t\t\t\t\t\t\t\t\t\t\t\t\t\t\t\t\t\t\t<span class=\"elementor-share-btn__title\">\n\t\t\t\t\t\t\t\t\t\tLinkedIn\t\t\t\t\t\t\t\t\t<\/span>\n\t\t\t\t\t\t\t\t\t\t\t\t\t\t\t\t\t<\/div>\n\t\t\t\t\t\t\t\t\t\t\t\t\t<\/div>\n\t\t\t\t\t<\/div>\n\t\t\t\t\t\t<\/div>\n\t\t\t\t\t\t<\/div>\n\t\t\t\t<\/div>\n\t\t\t\t<div class=\"elementor-element elementor-element-283c2bbe elementor-author-box--align-left elementor-widget elementor-widget-author-box\" data-id=\"283c2bbe\" data-element_type=\"widget\" data-widget_type=\"author-box.default\">\n\t\t\t\t<div class=\"elementor-widget-container\">\n\t\t\t\t\t\t\t<div class=\"elementor-author-box\">\n\t\t\t\t\t\t\t<div  class=\"elementor-author-box__avatar\">\n\t\t\t\t\t<img decoding=\"async\" src=\"https:\/\/www.oportunidades.org.sv\/wp-content\/uploads\/2023\/02\/cropped-Llave-oportunidades-sin-fondo-PNG-300x300.png\" alt=\"Picture of Programa Oportunidades\" loading=\"lazy\">\n\t\t\t\t<\/div>\n\t\t\t\n\t\t\t<div class=\"elementor-author-box__text\">\n\t\t\t\t\t\t\t\t\t<div >\n\t\t\t\t\t\t<h4 class=\"elementor-author-box__name\">\n\t\t\t\t\t\t\tOportunidades Program\t\t\t\t\t\t<\/h4>\n\t\t\t\t\t<\/div>\n\t\t\t\t\n\t\t\t\t\t\t\t\t\t<div class=\"elementor-author-box__bio\">\n\t\t\t\t\t\t<p>The Oportunidades team provides these young people with all the necessary tools to set them on a path of excellence that begins with a comprehensive education and lasts throughout their lives.<\/p>\n\t\t\t\t\t<\/div>\n\t\t\t\t\n\t\t\t\t\t\t\t<\/div>\n\t\t<\/div>\n\t\t\t\t\t\t<\/div>\n\t\t\t\t<\/div>\n\t\t\t\t\t<\/div>\n\t\t<\/div>\n\t\t\t\t<div class=\"elementor-column elementor-col-50 elementor-top-column elementor-element elementor-element-3628ac84 elementor-hidden-tablet_extra elementor-hidden-tablet elementor-hidden-mobile_extra elementor-hidden-mobile\" data-id=\"3628ac84\" data-element_type=\"column\">\n\t\t\t<div class=\"elementor-widget-wrap\">\n\t\t\t\t\t\t\t<\/div>\n\t\t<\/div>\n\t\t\t\t\t<\/div>\n\t\t<\/section>\n\t\t\t\t<section class=\"elementor-section elementor-top-section elementor-element elementor-element-337fb06c elementor-section-full_width elementor-section-content-middle elementor-section-height-default elementor-section-height-default\" data-id=\"337fb06c\" data-element_type=\"section\" data-settings=\"{&quot;background_background&quot;:&quot;classic&quot;}\">\n\t\t\t\t\t\t<div class=\"elementor-container elementor-column-gap-no\">\n\t\t\t\t\t<div class=\"elementor-column elementor-col-100 elementor-top-column elementor-element elementor-element-756e02cb\" data-id=\"756e02cb\" data-element_type=\"column\">\n\t\t\t<div class=\"elementor-widget-wrap elementor-element-populated\">\n\t\t\t\t\t\t<div class=\"elementor-element elementor-element-21971735 elementor-widget elementor-widget-post-navigation\" data-id=\"21971735\" data-element_type=\"widget\" data-widget_type=\"post-navigation.default\">\n\t\t\t\t<div class=\"elementor-widget-container\">\n\t\t\t\t\t\t\t<div class=\"elementor-post-navigation\" role=\"navigation\" aria-label=\"Post Navigation\">\n\t\t\t<div class=\"elementor-post-navigation__prev elementor-post-navigation__link\">\n\t\t\t\t\t\t\t<\/div>\n\t\t\t\t\t\t<div class=\"elementor-post-navigation__next elementor-post-navigation__link\">\n\t\t\t\t<a href=\"https:\/\/www.oportunidades.org.sv\/en\/254-jovenes-se-graduan-del-programa-oportunidades-y-reciben-becas-universitarias\/\" rel=\"next\"><span class=\"elementor-post-navigation__link__next\"><span class=\"post-navigation__next--label\">Next<\/span><\/span><span class=\"post-navigation__arrow-wrapper post-navigation__arrow-next\"><i aria-hidden=\"true\" class=\"fas fa-chevron-circle-right\"><\/i><span class=\"elementor-screen-only\">Next<\/span><\/span><\/a>\t\t\t<\/div>\n\t\t<\/div>\n\t\t\t\t\t\t<\/div>\n\t\t\t\t<\/div>\n\t\t\t\t\t<\/div>\n\t\t<\/div>\n\t\t\t\t\t<\/div>\n\t\t<\/section>\n\t\t\t\t<section class=\"elementor-section elementor-top-section elementor-element elementor-element-2198ae25 elementor-section-boxed elementor-section-height-default elementor-section-height-default\" data-id=\"2198ae25\" data-element_type=\"section\">\n\t\t\t\t\t\t<div class=\"elementor-container elementor-column-gap-default\">\n\t\t\t\t\t<div class=\"elementor-column elementor-col-100 elementor-top-column elementor-element elementor-element-58a927ee elementor-hidden-widescreen elementor-hidden-desktop elementor-hidden-laptop\" data-id=\"58a927ee\" data-element_type=\"column\">\n\t\t\t<div class=\"elementor-widget-wrap elementor-element-populated\">\n\t\t\t\t\t\t<div class=\"elementor-element elementor-element-6303e4ed elementor-widget elementor-widget-heading\" data-id=\"6303e4ed\" data-element_type=\"widget\" data-widget_type=\"heading.default\">\n\t\t\t\t<div class=\"elementor-widget-container\">\n\t\t\t\t\t<h2 class=\"elementor-heading-title elementor-size-default\">Recent publications<\/h2>\t\t\t\t<\/div>\n\t\t\t\t<\/div>\n\t\t\t\t<div class=\"elementor-element elementor-element-5f37e9a9 elementor-grid-1 elementor-posts--thumbnail-left elementor-grid-tablet-1 elementor-grid-mobile-1 elementor-widget elementor-widget-posts\" data-id=\"5f37e9a9\" data-element_type=\"widget\" data-settings=\"{&quot;classic_columns&quot;:&quot;1&quot;,&quot;classic_row_gap&quot;:{&quot;unit&quot;:&quot;px&quot;,&quot;size&quot;:61,&quot;sizes&quot;:[]},&quot;motion_fx_motion_fx_mouse&quot;:&quot;yes&quot;,&quot;classic_columns_tablet&quot;:&quot;1&quot;,&quot;classic_row_gap_mobile&quot;:{&quot;unit&quot;:&quot;px&quot;,&quot;size&quot;:12,&quot;sizes&quot;:[]},&quot;classic_columns_mobile&quot;:&quot;1&quot;,&quot;classic_row_gap_widescreen&quot;:{&quot;unit&quot;:&quot;px&quot;,&quot;size&quot;:&quot;&quot;,&quot;sizes&quot;:[]},&quot;classic_row_gap_laptop&quot;:{&quot;unit&quot;:&quot;px&quot;,&quot;size&quot;:&quot;&quot;,&quot;sizes&quot;:[]},&quot;classic_row_gap_tablet_extra&quot;:{&quot;unit&quot;:&quot;px&quot;,&quot;size&quot;:&quot;&quot;,&quot;sizes&quot;:[]},&quot;classic_row_gap_tablet&quot;:{&quot;unit&quot;:&quot;px&quot;,&quot;size&quot;:&quot;&quot;,&quot;sizes&quot;:[]},&quot;classic_row_gap_mobile_extra&quot;:{&quot;unit&quot;:&quot;px&quot;,&quot;size&quot;:&quot;&quot;,&quot;sizes&quot;:[]}}\" data-widget_type=\"posts.classic\">\n\t\t\t\t<div class=\"elementor-widget-container\">\n\t\t\t\t\t\t\t<div class=\"elementor-posts-container elementor-posts elementor-posts--skin-classic elementor-grid\" role=\"list\">\n\t\t\t\t<article class=\"elementor-post elementor-grid-item post-5807 post type-post status-publish format-standard has-post-thumbnail hentry category-lanzamientos\" role=\"listitem\">\n\t\t\t\t<a class=\"elementor-post__thumbnail__link\" href=\"https:\/\/www.oportunidades.org.sv\/en\/fundacion-gloria-kriete-inaugura-la-primera-escuela-cientifica-metaverso-simulada-en-marte-oportunidad-x\/\" tabindex=\"-1\" >\n\t\t\t<div class=\"elementor-post__thumbnail\"><img decoding=\"async\" width=\"150\" height=\"150\" src=\"https:\/\/www.oportunidades.org.sv\/wp-content\/uploads\/2023\/03\/Lanzamiento-Metaverso-Oportunidades-1024x595-1-150x150.jpg\" class=\"attachment-thumbnail size-thumbnail wp-image-5808\" alt=\"\" \/><\/div>\n\t\t<\/a>\n\t\t\t\t<div class=\"elementor-post__text\">\n\t\t\t\t<h3 class=\"elementor-post__title\">\n\t\t\t<a href=\"https:\/\/www.oportunidades.org.sv\/en\/fundacion-gloria-kriete-inaugura-la-primera-escuela-cientifica-metaverso-simulada-en-marte-oportunidad-x\/\" >\n\t\t\t\tThe Gloria Kriete Foundation inaugurates the first metaverse science school simulated on Mars: \"Oportuniad-X\".\t\t\t<\/a>\n\t\t<\/h3>\n\t\t\n\t\t<a class=\"elementor-post__read-more\" href=\"https:\/\/www.oportunidades.org.sv\/en\/fundacion-gloria-kriete-inaugura-la-primera-escuela-cientifica-metaverso-simulada-en-marte-oportunidad-x\/\" aria-label=\"Read more about Fundaci\u00f3n Gloria Kriete inaugura la Primera Escuela Cient\u00edfica Metaverso simulada en Marte: \u201cOportunidad-X\u201d\" tabindex=\"-1\" >\n\t\t\tread more\t\t<\/a>\n\n\t\t\t\t<\/div>\n\t\t\t\t<\/article>\n\t\t\t\t<article class=\"elementor-post elementor-grid-item post-5813 post type-post status-publish format-standard has-post-thumbnail hentry category-noticias\" role=\"listitem\">\n\t\t\t\t<a class=\"elementor-post__thumbnail__link\" href=\"https:\/\/www.oportunidades.org.sv\/en\/conoce-oportunidad-x\/\" tabindex=\"-1\" >\n\t\t\t<div class=\"elementor-post__thumbnail\"><img decoding=\"async\" width=\"150\" height=\"150\" src=\"https:\/\/www.oportunidades.org.sv\/wp-content\/uploads\/2023\/03\/Metaverso-150x150.png\" class=\"attachment-thumbnail size-thumbnail wp-image-5814\" alt=\"\" \/><\/div>\n\t\t<\/a>\n\t\t\t\t<div class=\"elementor-post__text\">\n\t\t\t\t<h3 class=\"elementor-post__title\">\n\t\t\t<a href=\"https:\/\/www.oportunidades.org.sv\/en\/conoce-oportunidad-x\/\" >\n\t\t\t\tLearn about Oportunidad-X\t\t\t<\/a>\n\t\t<\/h3>\n\t\t\n\t\t<a class=\"elementor-post__read-more\" href=\"https:\/\/www.oportunidades.org.sv\/en\/conoce-oportunidad-x\/\" aria-label=\"Read more about Conoce Oportunidad-X\" tabindex=\"-1\" >\n\t\t\tread more\t\t<\/a>\n\n\t\t\t\t<\/div>\n\t\t\t\t<\/article>\n\t\t\t\t<article class=\"elementor-post elementor-grid-item post-5825 post type-post status-publish format-standard has-post-thumbnail hentry category-noticias\" role=\"listitem\">\n\t\t\t\t<a class=\"elementor-post__thumbnail__link\" href=\"https:\/\/www.oportunidades.org.sv\/en\/254-jovenes-se-graduan-del-programa-oportunidades-y-reciben-becas-universitarias\/\" tabindex=\"-1\" >\n\t\t\t<div class=\"elementor-post__thumbnail\"><img decoding=\"async\" width=\"150\" height=\"150\" src=\"https:\/\/www.oportunidades.org.sv\/wp-content\/uploads\/2023\/03\/Grad-SS-Prensa-6-150x150.jpg\" class=\"attachment-thumbnail size-thumbnail wp-image-5725\" alt=\"\" \/><\/div>\n\t\t<\/a>\n\t\t\t\t<div class=\"elementor-post__text\">\n\t\t\t\t<h3 class=\"elementor-post__title\">\n\t\t\t<a href=\"https:\/\/www.oportunidades.org.sv\/en\/254-jovenes-se-graduan-del-programa-oportunidades-y-reciben-becas-universitarias\/\" >\n\t\t\t\t254 young people graduate from the Oportunidades Program and receive university scholarships.\t\t\t<\/a>\n\t\t<\/h3>\n\t\t\n\t\t<a class=\"elementor-post__read-more\" href=\"https:\/\/www.oportunidades.org.sv\/en\/254-jovenes-se-graduan-del-programa-oportunidades-y-reciben-becas-universitarias\/\" aria-label=\"Read more about 254 j\u00f3venes se grad\u00faan del Programa Oportunidades y reciben becas universitarias\" tabindex=\"-1\" >\n\t\t\tread more\t\t<\/a>\n\n\t\t\t\t<\/div>\n\t\t\t\t<\/article>\n\t\t\t\t<\/div>\n\t\t\n\t\t\t\t\t\t<\/div>\n\t\t\t\t<\/div>\n\t\t\t\t\t<\/div>\n\t\t<\/div>\n\t\t\t\t\t<\/div>\n\t\t<\/section>\n\t\t\t\t<\/div>","protected":false},"excerpt":{"rendered":"<p>La Fundaci\u00f3n Gloria Kriete (FGK) junto a la Agencia de los Estados Unidos para el Desarrollo Internacional (USAID), anunciaron el lanzamiento del proceso de selecci\u00f3n del Programa Oportunidades.  Todo este proceso se llevar\u00e1 a cabo durante gran parte del 2023 para los j\u00f3venes que iniciar\u00e1n el programa en el a\u00f1o 2024. <\/p>","protected":false},"author":1,"featured_media":6204,"comment_status":"open","ping_status":"open","sticky":false,"template":"elementor_header_footer","format":"standard","meta":{"om_disable_all_campaigns":false,"_monsterinsights_skip_tracking":false,"_monsterinsights_sitenote_active":false,"_monsterinsights_sitenote_note":"","_monsterinsights_sitenote_category":0,"_uf_show_specific_survey":0,"_uf_disable_surveys":false,"footnotes":""},"categories":[21],"tags":[],"class_list":["post-6185","post","type-post","status-publish","format-standard","has-post-thumbnail","hentry","category-lanzamientos"],"aioseo_notices":[],"_links":{"self":[{"href":"https:\/\/www.oportunidades.org.sv\/en\/wp-json\/wp\/v2\/posts\/6185","targetHints":{"allow":["GET"]}}],"collection":[{"href":"https:\/\/www.oportunidades.org.sv\/en\/wp-json\/wp\/v2\/posts"}],"about":[{"href":"https:\/\/www.oportunidades.org.sv\/en\/wp-json\/wp\/v2\/types\/post"}],"author":[{"embeddable":true,"href":"https:\/\/www.oportunidades.org.sv\/en\/wp-json\/wp\/v2\/users\/1"}],"replies":[{"embeddable":true,"href":"https:\/\/www.oportunidades.org.sv\/en\/wp-json\/wp\/v2\/comments?post=6185"}],"version-history":[{"count":26,"href":"https:\/\/www.oportunidades.org.sv\/en\/wp-json\/wp\/v2\/posts\/6185\/revisions"}],"predecessor-version":[{"id":6224,"href":"https:\/\/www.oportunidades.org.sv\/en\/wp-json\/wp\/v2\/posts\/6185\/revisions\/6224"}],"wp:featuredmedia":[{"embeddable":true,"href":"https:\/\/www.oportunidades.org.sv\/en\/wp-json\/wp\/v2\/media\/6204"}],"wp:attachment":[{"href":"https:\/\/www.oportunidades.org.sv\/en\/wp-json\/wp\/v2\/media?parent=6185"}],"wp:term":[{"taxonomy":"category","embeddable":true,"href":"https:\/\/www.oportunidades.org.sv\/en\/wp-json\/wp\/v2\/categories?post=6185"},{"taxonomy":"post_tag","embeddable":true,"href":"https:\/\/www.oportunidades.org.sv\/en\/wp-json\/wp\/v2\/tags?post=6185"}],"curies":[{"name":"wp","href":"https:\/\/api.w.org\/{rel}","templated":true}]}}